{"id":1191,"date":"2024-08-22T13:44:15","date_gmt":"2024-08-22T13:44:15","guid":{"rendered":"https:\/\/djg-duesseldorf.de\/?p=1191"},"modified":"2024-08-22T13:44:17","modified_gmt":"2024-08-22T13:44:17","slug":"einladung-zum-vortrag-dr-anne-gellert-ueber-ihre-arbeit-beim-daad-in-japan-29-08-2024","status":"publish","type":"post","link":"https:\/\/djg-duesseldorf.de\/?p=1191","title":{"rendered":"Einladung\u00a0zum\u00a0Vortrag:\u00a0Dr.\u00a0Anne\u00a0Gellert\u00a0\u00fcber\u00a0ihre\u00a0Arbeit beim DAAD in\u00a0Japan (29.08.2024)"},"content":{"rendered":"\n<p>Am <strong>29. August<\/strong> (Donnerstag), ab <strong>18:30 Uhr<\/strong> wird im <strong>Haus der Universit\u00e4t D\u00fcsseldorf<\/strong> unser Mitglied, Frau <strong>Dr. Anne Gellert<\/strong>, f\u00fcr den Deutschen Akademikerinnenbund e.V. \u00fcber ihre Zeit von 1995 bis 2009 in Kumamoto und Tokyo, zuletzt als stellvertr. Leiterin und DAAD-Lektorin sprechen. Um <strong>Anmeldung<\/strong> bei der Pr\u00e4sidentin, Frau Dorothee Stender, unter <a href=\"mailto:infodus@dab-ev.org\">infodus@dab-ev.org<\/a> wird gebeten. \u00a0<\/p>\n","protected":false},"excerpt":{"rendered":"<p>Am 29. August (Donnerstag), ab 18:30 Uhr wird im Haus der Universit\u00e4t D\u00fcsseldorf unser Mitglied, Frau Dr. Anne Gellert, f\u00fcr den Deutschen Akademikerinnenbund e.V. \u00fcber ihre Zeit von 1995 bis &#8230;<\/p>\n","protected":false},"author":4,"featured_media":401,"comment_status":"closed","ping_status":"closed","sticky":false,"template":"","format":"standard","meta":{"ngg_post_thumbnail":0,"footnotes":""},"categories":[19],"tags":[],"class_list":["post-1191","post","type-post","status-publish","format-standard","has-post-thumbnail","hentry","category-news"],"_links":{"self":[{"href":"https:\/\/djg-duesseldorf.de\/index.php?rest_route=\/wp\/v2\/posts\/1191","targetHints":{"allow":["GET"]}}],"collection":[{"href":"https:\/\/djg-duesseldorf.de\/index.php?rest_route=\/wp\/v2\/posts"}],"about":[{"href":"https:\/\/djg-duesseldorf.de\/index.php?rest_route=\/wp\/v2\/types\/post"}],"author":[{"embeddable":true,"href":"https:\/\/djg-duesseldorf.de\/index.php?rest_route=\/wp\/v2\/users\/4"}],"replies":[{"embeddable":true,"href":"https:\/\/djg-duesseldorf.de\/index.php?rest_route=%2Fwp%2Fv2%2Fcomments&post=1191"}],"version-history":[{"count":1,"href":"https:\/\/djg-duesseldorf.de\/index.php?rest_route=\/wp\/v2\/posts\/1191\/revisions"}],"predecessor-version":[{"id":1192,"href":"https:\/\/djg-duesseldorf.de\/index.php?rest_route=\/wp\/v2\/posts\/1191\/revisions\/1192"}],"wp:featuredmedia":[{"embeddable":true,"href":"https:\/\/djg-duesseldorf.de\/index.php?rest_route=\/wp\/v2\/media\/401"}],"wp:attachment":[{"href":"https:\/\/djg-duesseldorf.de\/index.php?rest_route=%2Fwp%2Fv2%2Fmedia&parent=1191"}],"wp:term":[{"taxonomy":"category","embeddable":true,"href":"https:\/\/djg-duesseldorf.de\/index.php?rest_route=%2Fwp%2Fv2%2Fcategories&post=1191"},{"taxonomy":"post_tag","embeddable":true,"href":"https:\/\/djg-duesseldorf.de\/index.php?rest_route=%2Fwp%2Fv2%2Ftags&post=1191"}],"curies":[{"name":"wp","href":"https:\/\/api.w.org\/{rel}","templated":true}]}}