{"id":901,"date":"2021-10-21T14:31:11","date_gmt":"2021-10-21T14:31:11","guid":{"rendered":"https:\/\/djg-duesseldorf.de\/?p=901"},"modified":"2021-10-21T14:31:13","modified_gmt":"2021-10-21T14:31:13","slug":"oeffentliche-vortragsreihe-der-hhu-work-life-balance-in-japan-und-deutschland-arbeitsrechtliche-und-familienpolitische-aspekte-der-corona-pandemie-wintersemester","status":"publish","type":"post","link":"https:\/\/djg-duesseldorf.de\/?p=901","title":{"rendered":"\u00d6ffentliche Vortragsreihe der HHU: Work-Life-Balance in Japan und Deutschland \u2013 Arbeitsrechtliche und familienpolitische Aspekte der Corona-Pandemie: Wintersemester"},"content":{"rendered":"\n<p>Unsere Vorstandsmitglieder Frau Annette Schad-Seifert und Herr Karsten laden Sie zu einer \u00f6ffentlichen Online-Vortragsreihe des Instituts f\u00fcr Modernes Japan, Heinrich-Heine-Universit\u00e4t D\u00fcsseldorf, zum Thema \u201cWork-Life-Balance in Japan und Deutschland \u2013 Arbeitsrechtliche und familienpolitische Aspekte der Corona-Pandemie\u201d ein. Diese Vortragsreihe wird vom Institut f\u00fcr Modernes Japan der HHU in Kooperation mit der Deutsch-Japanischen Gesellschaft f\u00fcr Arbeitsrecht e. V. veranstaltet.<\/p>\n\n\n\n<p>Die Veranstaltung wird in deutscher Sprache mit Cisco Webex durchgef\u00fchrt.  at schon begonnen, aber man kann sich noch zu weiteren Terminen anmelden. Bitte melden Sie sich per E-Mail unter<a href=\"http:\/\/info-\u200bmoja@hhu.de\" data-type=\"URL\" data-id=\"info-\u200bmoja@hhu.de\"> info-\u200bmoja@hhu.de<\/a>.<\/p>\n\n\n\n<p>Weitere Informationen finden Sie hier: <a href=\"https:\/\/www.modernes-japan.hhu.de\/fileadmin\/redaktion\/Fakultaeten\/Philosophische_Fakultaet\/Modernes_Japan\/Forschung\/vortragsreihe_work_life_balance\/wlb_poster_updated.pdf\">https:\/\/www.modernes-japan.hhu.de\/fileadmin\/redaktion\/Fakultaeten\/Philosophische_Fakultaet\/Modernes_Japan\/Forschung\/vortragsreihe_work_life_balance\/wlb_poster_updated.pdf<\/a>.<\/p>\n","protected":false},"excerpt":{"rendered":"<p>Unsere Vorstandsmitglieder Frau Annette Schad-Seifert und Herr Karsten laden Sie zu einer \u00f6ffentlichen Online-Vortragsreihe des Instituts f\u00fcr Modernes Japan, Heinrich-Heine-Universit\u00e4t D\u00fcsseldorf, zum Thema \u201cWork-Life-Balance in Japan und Deutschland \u2013 Arbeitsrechtliche &#8230;<\/p>\n","protected":false},"author":4,"featured_media":764,"comment_status":"closed","ping_status":"closed","sticky":false,"template":"","format":"standard","meta":{"ngg_post_thumbnail":0,"footnotes":""},"categories":[19],"tags":[],"class_list":["post-901","post","type-post","status-publish","format-standard","has-post-thumbnail","hentry","category-news"],"_links":{"self":[{"href":"https:\/\/djg-duesseldorf.de\/index.php?rest_route=\/wp\/v2\/posts\/901","targetHints":{"allow":["GET"]}}],"collection":[{"href":"https:\/\/djg-duesseldorf.de\/index.php?rest_route=\/wp\/v2\/posts"}],"about":[{"href":"https:\/\/djg-duesseldorf.de\/index.php?rest_route=\/wp\/v2\/types\/post"}],"author":[{"embeddable":true,"href":"https:\/\/djg-duesseldorf.de\/index.php?rest_route=\/wp\/v2\/users\/4"}],"replies":[{"embeddable":true,"href":"https:\/\/djg-duesseldorf.de\/index.php?rest_route=%2Fwp%2Fv2%2Fcomments&post=901"}],"version-history":[{"count":1,"href":"https:\/\/djg-duesseldorf.de\/index.php?rest_route=\/wp\/v2\/posts\/901\/revisions"}],"predecessor-version":[{"id":902,"href":"https:\/\/djg-duesseldorf.de\/index.php?rest_route=\/wp\/v2\/posts\/901\/revisions\/902"}],"wp:featuredmedia":[{"embeddable":true,"href":"https:\/\/djg-duesseldorf.de\/index.php?rest_route=\/wp\/v2\/media\/764"}],"wp:attachment":[{"href":"https:\/\/djg-duesseldorf.de\/index.php?rest_route=%2Fwp%2Fv2%2Fmedia&parent=901"}],"wp:term":[{"taxonomy":"category","embeddable":true,"href":"https:\/\/djg-duesseldorf.de\/index.php?rest_route=%2Fwp%2Fv2%2Fcategories&post=901"},{"taxonomy":"post_tag","embeddable":true,"href":"https:\/\/djg-duesseldorf.de\/index.php?rest_route=%2Fwp%2Fv2%2Ftags&post=901"}],"curies":[{"name":"wp","href":"https:\/\/api.w.org\/{rel}","templated":true}]}}